[{"@context":"https:\/\/schema.org\/","@type":"Article","@id":"https:\/\/www.aviga.cz\/ohleduplnejsi-pristup-k-zivotnimu-prostredi-neni-jen-veci-ekologickych-aktivistu\/#Article","mainEntityOfPage":"https:\/\/www.aviga.cz\/ohleduplnejsi-pristup-k-zivotnimu-prostredi-neni-jen-veci-ekologickych-aktivistu\/","headline":"Ohledupln\u011bj\u0161\u00ed p\u0159\u00edstup k \u017eivotn\u00edmu prost\u0159ed\u00ed nen\u00ed jen v\u011bc\u00ed ekologick\u00fdch aktivist\u016f","name":"Ohledupln\u011bj\u0161\u00ed p\u0159\u00edstup k \u017eivotn\u00edmu prost\u0159ed\u00ed nen\u00ed jen v\u011bc\u00ed ekologick\u00fdch aktivist\u016f","description":"Po drobn\u00fdch zm\u011bn\u00e1ch, kter\u00e9 n\u00e1m v posledn\u00ed dob\u011b p\u0159ich\u00e1z\u00ed do na\u0161ich n\u00e1kupn\u00edch ko\u0161\u016f, se mus\u00edme p\u0159ipravit na okam\u017eik, kdy i na\u0161e legislativa podstatn\u011b omez\u00ed pou\u017eit\u00ed plastov\u00fdch obal\u016f a plastov\u00fdch v\u00fdrobk\u016f na jedno pou\u017eit\u00ed. Po u\u0161n\u00edch ty\u010dink\u00e1ch, plastov\u00fdch l\u017ei\u010dk\u00e1ch a igelitov\u00fdch ta\u0161k\u00e1ch, se bude m\u011bnit obalov\u00fd materi\u00e1l na v\u011bt\u0161in\u011b zbo\u017e\u00ed v na\u0161ich obchodech. Ve st\u00e1nc\u00edch s [&hellip;]","datePublished":"2019-12-22","dateModified":"2023-05-02","author":{"@type":"Person","@id":"https:\/\/www.aviga.cz\/author\/devene\/#Person","name":"devene","url":"https:\/\/www.aviga.cz\/author\/devene\/","identifier":1,"image":{"@type":"ImageObject","@id":"https:\/\/secure.gravatar.com\/avatar\/4ae18345300f35922a2a7b2caa17564b68acab8514eff939a8a019efde378c24?s=96&d=mm&r=g","url":"https:\/\/secure.gravatar.com\/avatar\/4ae18345300f35922a2a7b2caa17564b68acab8514eff939a8a019efde378c24?s=96&d=mm&r=g","height":96,"width":96}},"publisher":{"@type":"Organization","name":"aviga.cz","logo":{"@type":"ImageObject","@id":"\/logo.png","url":"\/logo.png","width":600,"height":60}},"image":{"@type":"ImageObject","@id":"https:\/\/www.aviga.cz\/wp-content\/uploads\/img_a362802_w4334_t1575793602.png","url":"https:\/\/www.aviga.cz\/wp-content\/uploads\/img_a362802_w4334_t1575793602.png","height":0,"width":0},"url":"https:\/\/www.aviga.cz\/ohleduplnejsi-pristup-k-zivotnimu-prostredi-neni-jen-veci-ekologickych-aktivistu\/","about":["Nakupov\u00e1n\u00ed"],"wordCount":458,"articleBody":"Po drobn\u00fdch zm\u011bn\u00e1ch, kter\u00e9 n\u00e1m v posledn\u00ed dob\u011b p\u0159ich\u00e1z\u00ed do na\u0161ich n\u00e1kupn\u00edch ko\u0161\u016f, se mus\u00edme p\u0159ipravit na okam\u017eik, kdy i na\u0161e legislativa podstatn\u011b omez\u00ed pou\u017eit\u00ed plastov\u00fdch obal\u016f a plastov\u00fdch v\u00fdrobk\u016f na jedno pou\u017eit\u00ed.Po u\u0161n\u00edch ty\u010dink\u00e1ch, plastov\u00fdch l\u017ei\u010dk\u00e1ch a igelitov\u00fdch ta\u0161k\u00e1ch, se bude m\u011bnit obalov\u00fd materi\u00e1l na v\u011bt\u0161in\u011b zbo\u017e\u00ed v na\u0161ich obchodech. Ve st\u00e1nc\u00edch s rychl\u00fdm ob\u010derstven\u00edm u\u017e plastov\u00e9 n\u00e1dob\u00ed a obaly neuvid\u00edme.U\u017e dnes se st\u0159etneme s nov\u00fdm typem obal\u016f, kter\u00e9 jsou z materi\u00e1l\u016f \u0161etrn\u00fdch k na\u0161emu \u017eivotn\u00edmu prost\u0159ed\u00ed.\u00a0Bagasa je nov\u00fd druh materi\u00e1lu, vyroben\u00fd z odpadu cukrov\u00e9 t\u0159tiny. To je teplomiln\u00e1 a velice odoln\u00e1 rostlina z trop\u016f, ze kter\u00e9 se vyr\u00e1b\u00ed cukr. Pot\u00e9, co se z rostliny odd\u011bl\u00ed a zpracuje cukr, z\u016fstane zbytek rostliny, kter\u00fd byl doned\u00e1vna br\u00e1n za odpad. Dnes se rostliny mechanicky rozdrt\u00ed, vy\u010dist\u00ed vodou a vylisuj\u00ed do pl\u00e1t\u016f, podobn\u011b jako pap\u00edr. N\u00e1sledn\u011b se pl\u00e1ty zpracuj\u00ed na u\u017eite\u010dn\u00e9 v\u011bci, jako jsou:\u00a0\u2022 jednor\u00e1zov\u00e9 tal\u00ed\u0159e a t\u00e1cky\u2022 jednor\u00e1zov\u00e9 p\u0159\u00edbory\u2022 misky na hranolky\u2022 kel\u00edmky na tepl\u00e9 n\u00e1poje\u2022 misky na pol\u00e9vku\u2022 p\u0159enosn\u00e9 boxy na j\u00eddlo\u00a0V\u00fdrobky z bagasy jsou skladovateln\u00e9 v lednici a v mraz\u00e1ku, jsou pou\u017eiteln\u00e9 i pro hork\u00e9 j\u00eddlo, av\u0161ak nevhodn\u00e9 do mikrovlnn\u00e9 trouby.Bagasa je vhodn\u00e1 pro pr\u016fmyslov\u00e9 kompostov\u00e1n\u00ed, kde je zaru\u010dena optim\u00e1ln\u00ed teplota, vlhkost, provzdu\u0161n\u011bn\u00ed a p\u016fdn\u00ed bakterie. Biologicky se rozlo\u017e\u00ed do devades\u00e1ti dn\u00ed.\u00a0PLA je bioplast vyroben\u00fd z kuku\u0159i\u010dn\u00e9ho \u0161krobu, kter\u00fd se zah\u0159eje, vylou\u010d\u00ed se z n\u011bj gluk\u00f3za. Ta se fermentuje na ml\u00e9\u010dnou kyselinu a polymeruje do polyml\u00e9\u010dn\u00e9 kyseliny PLA. Tento produkt je biologicky rozlo\u017eiteln\u00fd, nen\u00ed v n\u011bm nic z ropy, a neobsahuje \u017e\u00e1dn\u00e9 chemik\u00e1lie, kter\u00e9 m\u00e1 b\u011b\u017en\u00fd plast. Energetick\u00e1 n\u00e1ro\u010dnost na v\u00fdrobu je65% oproti b\u011b\u017en\u00e9mu plastu.PLA zat\u00edm nevydr\u017e\u00ed velk\u00e9 teplo, tak\u017ee jej\u00ed vyu\u017eit\u00ed je hlavn\u011b pro:\u00a0\u2022 kel\u00edmky na studen\u00e9 n\u00e1poje\u2022 misky na potraviny\u2022 obalov\u00fd materi\u00e1l na zbo\u017e\u00ed\u2022\u00a0 n\u00e1pojov\u00e1 br\u010dka\u00a0Bioplast je rovn\u011b\u017e vhodn\u00fd pro pr\u016fmyslov\u00e9 kompostov\u00e1n\u00ed. Nedoporu\u010duje se kompostovat v dom\u00e1c\u00edm kompost\u00e9ru, kde nejsou optim\u00e1ln\u00ed podm\u00ednky a doba rozlo\u017een\u00ed m\u016f\u017ee trvat d\u00e9le.\u00a0A co vy? Nos\u00edte si u\u017e do obchod\u016f sv\u00e9 pytl\u00edky na pe\u010divo, s\u00e1\u010dky na ovoce a pl\u00e1t\u011bn\u00e9 ta\u0161ky?                                                                                                                                                                                                                                                                                                                                                                                        3.7\/5 - (8 votes)        "},{"@context":"https:\/\/schema.org\/","@type":"BreadcrumbList","itemListElement":[{"@type":"ListItem","position":1,"name":"Ohledupln\u011bj\u0161\u00ed p\u0159\u00edstup k \u017eivotn\u00edmu prost\u0159ed\u00ed nen\u00ed jen v\u011bc\u00ed ekologick\u00fdch aktivist\u016f","item":"https:\/\/www.aviga.cz\/ohleduplnejsi-pristup-k-zivotnimu-prostredi-neni-jen-veci-ekologickych-aktivistu\/#breadcrumbitem"}]}]