[{"@context":"https:\/\/schema.org\/","@type":"Blog","@id":"https:\/\/www.aviga.cz#Blog","headline":"Aviga","description":"\nJsou obdob\u00ed, kdy se ekonomice da\u0159\u00ed, ale jsou i krize. A proto by m\u011blo platit, \u017ee se v dobr\u00fdch \u010dasech spo\u0159\u00ed, aby bylo v hor\u0161\u00edch kde br\u00e1t. A kdy\u017e se to podcen\u00ed?","url":"https:\/\/www.aviga.cz","hasPart":[{"@type":"Article","@id":"https:\/\/www.aviga.cz\/vybirejte-z-toho-co-tu-pro-vas-je\/","headline":"Vyb\u00edrejte z toho, co tu pro V\u00e1s je","url":"https:\/\/www.aviga.cz\/vybirejte-z-toho-co-tu-pro-vas-je\/","datePublished":"2017-06-10","dateModified":"2023-11-21","mainEntityOfPage":"https:\/\/www.aviga.cz\/vybirejte-z-toho-co-tu-pro-vas-je\/","author":{"@type":"Person","@id":"https:\/\/www.aviga.cz\/author\/devene\/#Person","name":"devene","url":"https:\/\/www.aviga.cz\/author\/devene\/","identifier":1,"image":{"@type":"ImageObject","@id":"https:\/\/secure.gravatar.com\/avatar\/4ae18345300f35922a2a7b2caa17564b68acab8514eff939a8a019efde378c24?s=96&d=mm&r=g","url":"https:\/\/secure.gravatar.com\/avatar\/4ae18345300f35922a2a7b2caa17564b68acab8514eff939a8a019efde378c24?s=96&d=mm&r=g","height":96,"width":96}},"publisher":{"@type":"Organization","name":"aviga.cz","logo":{"@type":"ImageObject","@id":"\/logo.png","url":"\/logo.png","width":600,"height":60}},"image":{"@type":"ImageObject","@id":"https:\/\/www.aviga.cz\/wp-content\/uploads\/img_a292429_w1765_t1504864679.jpg","url":"https:\/\/www.aviga.cz\/wp-content\/uploads\/img_a292429_w1765_t1504864679.jpg","height":0,"width":0},"wordCount":463,"keywords":null}]},{"@context":"https:\/\/schema.org","@type":"WebSite","@id":"https:\/\/www.aviga.cz\/#website","name":"Aviga","url":"https:\/\/www.aviga.cz","potentialAction":{"@type":"SearchAction","target":"https:\/\/www.aviga.cz\/?s={search_term_string}","query-input":"required name=search_term_string"}}]