[{"@context":"https:\/\/schema.org\/","@type":"Article","@id":"https:\/\/www.aviga.cz\/pece-o-jemne-vlasy\/#Article","mainEntityOfPage":"https:\/\/www.aviga.cz\/pece-o-jemne-vlasy\/","headline":"P\u00e9\u010de o jemn\u00e9 vlasy","name":"P\u00e9\u010de o jemn\u00e9 vlasy","description":"Dnes se nos\u00ed dv\u011b v\u011bci: lesk a objem. Co\u017e je u jemn\u00fdch vlas\u016f takov\u00fd mal\u00fd z\u00e1zrak. Jejich odolnost je velmi n\u00edzk\u00e1, jsou \u00fazk\u00e9, l\u00e1mav\u00e9 a v\u011bt\u0161inou tak\u00e9 vysu\u0161en\u00e9. Co\u017e tak\u00e9 znamen\u00e1, \u017ee v\u016fbec nen\u00ed slo\u017eit\u00e9 je po\u0161kodit. F\u00e9nov\u00e1n\u00ed nebo prudk\u00e9 roz\u010des\u00e1v\u00e1n\u00ed je m\u016f\u017ee \u00fapln\u011b zni\u010dit \u2013 a pozitivn\u00ed vliv nem\u00e1 na jemn\u00e9 vlasy ani \u017eehlen\u00ed [&hellip;]","datePublished":"2020-09-25","dateModified":"2023-05-02","author":{"@type":"Person","@id":"https:\/\/www.aviga.cz\/author\/devene\/#Person","name":"devene","url":"https:\/\/www.aviga.cz\/author\/devene\/","identifier":1,"image":{"@type":"ImageObject","@id":"https:\/\/secure.gravatar.com\/avatar\/4ae18345300f35922a2a7b2caa17564b68acab8514eff939a8a019efde378c24?s=96&d=mm&r=g","url":"https:\/\/secure.gravatar.com\/avatar\/4ae18345300f35922a2a7b2caa17564b68acab8514eff939a8a019efde378c24?s=96&d=mm&r=g","height":96,"width":96}},"publisher":{"@type":"Organization","name":"aviga.cz","logo":{"@type":"ImageObject","@id":"\/logo.png","url":"\/logo.png","width":600,"height":60}},"image":{"@type":"ImageObject","@id":"https:\/\/www.aviga.cz\/wp-content\/uploads\/img_a277539_w3063_t1601801527.jpg","url":"https:\/\/www.aviga.cz\/wp-content\/uploads\/img_a277539_w3063_t1601801527.jpg","height":0,"width":0},"url":"https:\/\/www.aviga.cz\/pece-o-jemne-vlasy\/","wordCount":456,"articleBody":"Dnes se nos\u00ed dv\u011b v\u011bci: lesk a objem. Co\u017e je u jemn\u00fdch vlas\u016f takov\u00fd mal\u00fd z\u00e1zrak. Jejich odolnost je velmi n\u00edzk\u00e1, jsou \u00fazk\u00e9, l\u00e1mav\u00e9 a v\u011bt\u0161inou tak\u00e9 vysu\u0161en\u00e9. Co\u017e tak\u00e9 znamen\u00e1, \u017ee v\u016fbec nen\u00ed slo\u017eit\u00e9 je po\u0161kodit. F\u00e9nov\u00e1n\u00ed nebo prudk\u00e9 roz\u010des\u00e1v\u00e1n\u00ed je m\u016f\u017ee \u00fapln\u011b zni\u010dit \u2013 a pozitivn\u00ed vliv nem\u00e1 na jemn\u00e9 vlasy ani \u017eehlen\u00ed nebo kulmov\u00e1n\u00ed. Na druhou stranu kade\u0159n\u00edci ani nedoporu\u010duj\u00ed t\u011b\u017ek\u00e9 vlasov\u00e9 masky \u010di k\u00fary a nen\u00ed dobr\u00e9 kombinovat n\u011bkolik r\u016fzn\u00fdch p\u0159\u00edpravk\u016f na vlasy.Pomoc zven\u010d\u00ed  Pakli\u017ee m\u00e1te jemn\u00e9 vlasy, m\u016f\u017eete k jejich odolnosti p\u0159isp\u011bt vy sami. Jak? Dopl\u0148ky stravy, nap\u0159\u00edklad. Zinek, k\u0159em\u00edk, \u017eelatina a keratin \u010di selen \u2013 to je jenom v\u00fdb\u011br toho, co v\u0161echno si m\u016f\u017eete po\u0159\u00eddit v l\u00e9k\u00e1rn\u011b, aby bylo va\u0161im vlas\u016fm (ale tak\u00e9 neht\u016fm a pleti) l\u00e9pe. A nejd\u016fle\u017eit\u011bj\u0161\u00ed l\u00e1tka? Tekut\u00fd kerain \u2013 to alespo\u0148 tvrd\u00ed odborn\u00edci.Kdy uvid\u00edme rozd\u00edl?  Za\u010dneme-li br\u00e1t vitam\u00edny a miner\u00e1ly, kter\u00e9 se doporu\u010duj\u00ed br\u00e1t p\u0159i pot\u00ed\u017e\u00edch s vlasy a nehty, uvid\u00edme rozd\u00edl p\u0159ibli\u017en\u011b za \u010dtvrt roku. Z\u00e1sadou je v\u0161ak ka\u017edodenn\u00ed p\u00e9\u010de, a to za\u010d\u00edn\u00e1 v\u00fdb\u011brem \u0161amponu a tak\u00e9 kondicion\u00e9ru na pos\u00edlen\u00ed struktury vlasu.Styl pro jemn\u00e9 vlasy Tou\u017e\u00edte-li po objemu vlas\u016f, kade\u0159n\u00edci a tylist\u00e9 doporu\u010duj\u00ed pou\u017e\u00edt p\u011bnov\u00e9 tu\u017eidlo. To je ide\u00e1ln\u00ed nan\u00e9st do mokr\u00fdch vlas\u016f a roz\u010desat je od ko\u0159\u00ednk\u016f do d\u00e9lek. Skv\u011blou pomoc\u00ed p\u0159i vytv\u00e1\u0159en\u00ed objemu je tak\u00e9 pudrov\u00fd sprej, kter\u00fd d\u011bl\u00e1 vlasovou strukturu pevn\u011bj\u0161\u00ed a odoln\u011bj\u0161\u00ed. D\u016fle\u017eit\u00e9 ale je, aby mno\u017estv\u00ed tu\u017eidla nebylo moc, kade\u0159n\u00edci uv\u00e1d\u011bj\u00ed, \u017ee by p\u011bna m\u011bla b\u00fdt asi o velikosti pingpongov\u00e9ho m\u00ed\u010dku nebo o n\u011bco v\u011bt\u0161\u00ed, a roz\u010desat se mus\u00ed h\u0159eben s velk\u00fdmi zuby rovnom\u011brn\u011b \u2013 od ko\u0159\u00ednk\u016f po kone\u010dky. Tak\u00e9 se pak vlasy l\u00e9pe tvaruj\u00ed p\u0159i fouk\u00e1n\u00ed.Rovn\u00e9 vlasy Jsou \u00fa\u010desy, kter\u00e9 jsou pro rovn\u00e9 vlasy jako stvo\u0159en\u00e9. To jsou p\u0159ev\u00e1\u017en\u011b rovn\u00e9 st\u0159ihy ve stejn\u00e9 d\u00e9lce, nebo prost\u0159\u00edh\u00e1v\u00e1n\u00ed v horn\u00ed \u010d\u00e1sti. Velmi elegantn\u00ed je tak\u00e9 mik\u00e1do t\u011bsn\u011b pod u\u0161i. Hitem leto\u0161n\u00edho podzimu jsou zapleten\u00e9 vlasy do nejr\u016fzn\u011bj\u0161\u00edch cop\u016f \u2013 ur\u010dit\u011b to nezapome\u0148te vyzkou\u0161et, uvid\u00edte, jak procitnou va\u0161e l\u00edcn\u00ed kosti.                                                                                                                                                                                                                                                                                                                                                                                        3.2\/5 - (5 votes)        "},{"@context":"https:\/\/schema.org\/","@type":"BreadcrumbList","itemListElement":[{"@type":"ListItem","position":1,"name":"P\u00e9\u010de o jemn\u00e9 vlasy","item":"https:\/\/www.aviga.cz\/pece-o-jemne-vlasy\/#breadcrumbitem"}]}]