[{"@context":"https:\/\/schema.org\/","@type":"Article","@id":"https:\/\/www.aviga.cz\/umi-stari-lide-s-technikou\/#Article","mainEntityOfPage":"https:\/\/www.aviga.cz\/umi-stari-lide-s-technikou\/","headline":"Um\u00ed sta\u0159\u00ed lid\u00e9 s technikou?","name":"Um\u00ed sta\u0159\u00ed lid\u00e9 s technikou?","description":"A\u0165 chceme nebo ne, technika je velmi d\u016fle\u017eit\u00e1 a mus\u00ed se st\u00e1le zdokonalovat, proto\u017ee bychom se tak zastavili na jednom m\u00edst\u011b, a to takhle nejde. Lid\u00e9 jdou d\u00e1l, spole\u010dnost jde d\u00e1l, v\u0161echno jde d\u00e1l, a v\u00fdjimkou nen\u00ed ani technika. To je pr\u00e1v\u011b to hlavn\u00ed, co se st\u00e1le zdokonaluje a d\u00edky \u010demu jsme i my dokonalej\u0161\u00ed [&hellip;]","datePublished":"2022-05-12","dateModified":"2023-05-02","author":{"@type":"Person","@id":"https:\/\/www.aviga.cz\/author\/devene\/#Person","name":"devene","url":"https:\/\/www.aviga.cz\/author\/devene\/","identifier":1,"image":{"@type":"ImageObject","@id":"https:\/\/secure.gravatar.com\/avatar\/4ae18345300f35922a2a7b2caa17564b68acab8514eff939a8a019efde378c24?s=96&d=mm&r=g","url":"https:\/\/secure.gravatar.com\/avatar\/4ae18345300f35922a2a7b2caa17564b68acab8514eff939a8a019efde378c24?s=96&d=mm&r=g","height":96,"width":96}},"publisher":{"@type":"Organization","name":"aviga.cz","logo":{"@type":"ImageObject","@id":"\/logo.png","url":"\/logo.png","width":600,"height":60}},"image":{"@type":"ImageObject","@id":"https:\/\/www.aviga.cz\/wp-content\/uploads\/board-g390d40d33_640.jpg","url":"https:\/\/www.aviga.cz\/wp-content\/uploads\/board-g390d40d33_640.jpg","height":0,"width":0},"url":"https:\/\/www.aviga.cz\/umi-stari-lide-s-technikou\/","about":["Technika"],"wordCount":451,"articleBody":"A\u0165 chceme nebo ne, technika je velmi d\u016fle\u017eit\u00e1 a mus\u00ed se st\u00e1le zdokonalovat, proto\u017ee bychom se tak zastavili na jednom m\u00edst\u011b, a to takhle nejde. Lid\u00e9 jdou d\u00e1l, spole\u010dnost jde d\u00e1l, v\u0161echno jde d\u00e1l, a v\u00fdjimkou nen\u00ed ani technika. To je pr\u00e1v\u011b to hlavn\u00ed, co se st\u00e1le zdokonaluje a d\u00edky \u010demu jsme i my dokonalej\u0161\u00ed a dokonalej\u0161\u00ed. Bez techniky bychom toho moc nedok\u00e1zali, proto\u017ee jsou pr\u00e1ce, kter\u00e9 se t\u00fdkaj\u00ed jen a pouze techniky, kde lid\u00e9 techniku \u0159\u00edd\u00ed a bez kter\u00fdch by se nap\u0159\u00edklad n\u011bkter\u00e9 v\u011bci nemohly vyr\u00e1b\u011bt tak rychle, jak se vyr\u00e1b\u00ed. D\u00edky tomu m\u00e1me v\u0161eho dostatek, proto\u017ee jsme techniku zapojili p\u0159i v\u00fdrob\u011b, kde je j\u00ed nejv\u00edce pot\u0159eba. Tam zastupuje technika na\u0161i s\u00edlu a my m\u016f\u017eeme jen dohl\u00ed\u017eet na to, jak dob\u0159e to d\u011bl\u00e1. Lid\u00ed je na planet\u011b v\u00edc a v\u00edc, a proto bychom nic nest\u00edhali. D\u00edky technice jde v\u0161e ale jak po m\u00e1sle a st\u00edh\u00e1 se vyrobit to, co je pot\u0159eba. A nejen to.V\u0161e se samoz\u0159ejm\u011b neto\u010d\u00ed jen kolem v\u00fdroby, ale technika je d\u016fle\u017eit\u00e1 celkov\u011b, proto\u017ee do n\u00ed pat\u0159\u00ed samoz\u0159ejm\u011b technologie jako mobiln\u00ed telefon, po\u010d\u00edta\u010d a podobn\u011b a d\u00edky technice zkr\u00e1tka m\u00e1me to, co v\u00a0dne\u0161n\u00ed dob\u011b pou\u017e\u00edv\u00e1me nej\u010dast\u011bji. Techniku pou\u017e\u00edv\u00e1me v\u0161ichni ka\u017ed\u00fd den, i ti nejstar\u0161\u00ed. Um\u00ed v\u0161ak ti nejstar\u0161\u00ed s\u00a0technikou zach\u00e1zet a pou\u017e\u00edvat ji? V\u017edycky v\u0161ichni sl\u00fdch\u00e1v\u00e1me v\u011btu: \u201eMi se tu n\u011bco objevilo a j\u00e1 t\u00e9 technice moc nerozum\u00edm, v\u017edy\u0165 to v\u00ed\u0161.\u201c Takov\u00e9 podobn\u00e9 v\u011bty sl\u00fdch\u00e1v\u00e1me opravdu \u010dasto, ale ona to zas tak pravda \u00fapln\u011b nen\u00ed. Mobiln\u00ed telefony nezauj\u00edmaj\u00ed ve\u0161kerou techniku. A sta\u0159\u00ed lid\u00e9 p\u0159eci pracuj\u00ed i s\u00a0klasickou troubou, nebo televiz\u00ed, se kterou um\u00ed pom\u011brn\u011b dob\u0159e, proto\u017ee to jsou v\u011bci, kter\u00e9 existuj\u00ed u\u017e del\u0161\u00ed dobu. Star\u0161\u00edm lidem toti\u017e d\u011bl\u00e1 probl\u00e9m nov\u00e1 technika, se kterou nevyr\u016fstali a setkali se s\u00a0n\u00ed a\u017e te\u010f, kdy\u017e u\u017e jsou ve star\u0161\u00edm v\u011bku. Av\u0161ak s\u00a0technikou jako takovou rozhodn\u011b um\u00ed, to ne \u017ee ne. A n\u011bkte\u0159\u00ed um\u00ed dokonce i s\u00a0t\u011bmi mobily, tak\u017ee to je jen takov\u00fd m\u00fdtus, \u017ee sta\u0159\u00ed lid\u00e9 technice nerozum\u00ed. V\u017edy\u0165 oni jsou ti, d\u00edky kter\u00fdm dnes m\u00e1me to, co m\u00e1me. Museli d\u00e1t technice toti\u017e n\u011bjak\u00fd tvar.                                                                                                                                                                                                                                                                                                                                                                                        4.2\/5 - (4 votes)        "},{"@context":"https:\/\/schema.org\/","@type":"BreadcrumbList","itemListElement":[{"@type":"ListItem","position":1,"name":"Um\u00ed sta\u0159\u00ed lid\u00e9 s technikou?","item":"https:\/\/www.aviga.cz\/umi-stari-lide-s-technikou\/#breadcrumbitem"}]}]